{"id":23648,"date":"2021-11-01T12:48:37","date_gmt":"2021-11-01T11:48:37","guid":{"rendered":"https:\/\/wro.swiss\/reunion-wro-europe-centrale-2021\/"},"modified":"2026-02-24T10:12:09","modified_gmt":"2026-02-24T09:12:09","slug":"reunion-wro-europe-centrale-2021","status":"publish","type":"post","link":"https:\/\/wro.swiss\/fr\/reunion-wro-europe-centrale-2021\/","title":{"rendered":"R\u00e9union WRO Europe centrale 2021"},"content":{"rendered":"<div class=\"fusion-fullwidth fullwidth-box fusion-builder-row-1 fusion-flex-container has-pattern-background has-mask-background nonhundred-percent-fullwidth non-hundred-percent-height-scrolling\" style=\"--awb-border-radius-top-left:0px;--awb-border-radius-top-right:0px;--awb-border-radius-bottom-right:0px;--awb-border-radius-bottom-left:0px;--awb-flex-wrap:wrap;\" ><div class=\"fusion-builder-row fusion-row fusion-flex-align-items-flex-start fusion-flex-content-wrap\" style=\"max-width:1248px;margin-left: calc(-4% \/ 2 );margin-right: calc(-4% \/ 2 );\"><div class=\"fusion-layout-column fusion_builder_column fusion-builder-column-0 fusion_builder_column_1_1 1_1 fusion-flex-column\" style=\"--awb-bg-size:cover;--awb-width-large:100%;--awb-margin-top-large:0px;--awb-spacing-right-large:1.92%;--awb-margin-bottom-large:20px;--awb-spacing-left-large:1.92%;--awb-width-medium:100%;--awb-order-medium:0;--awb-spacing-right-medium:1.92%;--awb-spacing-left-medium:1.92%;--awb-width-small:100%;--awb-order-small:0;--awb-spacing-right-small:1.92%;--awb-spacing-left-small:1.92%;\"><div class=\"fusion-column-wrapper fusion-column-has-shadow fusion-flex-justify-content-flex-start fusion-content-layout-column\"><div class=\"fusion-text fusion-text-1\"><p>La finale mondiale de la WRO aura lieu du 18 au 21 novembre 2021. En raison de la situation Covid, il s&rsquo;agit cette ann\u00e9e encore d&rsquo;un concours en ligne pour lequel plus de 200 \u00e9quipes de 65 pays se sont qualifi\u00e9es. La Suisse y sera repr\u00e9sent\u00e9e par les champions suisses 2021, les \u00e9quipes  &nbsp;<strong><sup>Elias2<\/sup><\/strong>(Elementary),&nbsp;<strong>AVALOQ<\/strong> (Junior)&nbsp;<strong>bin-r\u00e4di<\/strong> (Senior) repr\u00e9sent\u00e9.<\/p>\n<p>Pour que ces trois \u00e9quipes ne soient pas oblig\u00e9es de participer au concours en ligne depuis chez elles, dans leur coin, et pour qu&rsquo;elles puissent ressentir au moins un peu l&rsquo;atmosph\u00e8re particuli\u00e8re d&rsquo;une comp\u00e9tition internationale, WRO Suisse les invite \u00e0 une rencontre au sommet d&rsquo;un genre particulier :<\/p>\n<p>En plus des trois \u00e9quipes suisses, les trois \u00e9quipes qualifi\u00e9es d&rsquo;Italie ainsi que les \u00e9quipes Senior d&rsquo;Autriche et du Danemark participeront au WRO Central Europe Meetup \u00e0 Stoos. Les performances de la comp\u00e9tition seront montr\u00e9es en ligne, mais les participants vivront ensemble dans un camp, mangeront ensemble et auront un programme social. Et lorsqu&rsquo;ils travailleront tous sur leurs t\u00e2ches dans la salle polyvalente de Fronalp, ils auront vraiment l&rsquo;impression de participer \u00e0 une finale mondiale.  <\/p>\n<p>WRO Suisse se r\u00e9jouit de cet \u00e9v\u00e9nement et souhaite \u00e0 tous les participants beaucoup de plaisir et de succ\u00e8s !<\/p>\n<\/div><div class=\"fusion-video fusion-youtube\" style=\"--awb-max-width:600px;--awb-max-height:360px;--awb-align-self:center;--awb-width:100%;\"><div class=\"video-shortcode\"><div class=\"fluid-width-video-wrapper\" style=\"padding-top:60%;\" ><iframe title=\"YouTube video player 1\" src=\"https:\/\/www.youtube.com\/embed\/iq-tOteuxEk?wmode=transparent&autoplay=0\" width=\"600\" height=\"360\" allowfullscreen allow=\"autoplay; clipboard-write; encrypted-media; gyroscope; picture-in-picture;\"><\/iframe><\/div><\/div><\/div><\/div><\/div><\/div><\/div>\n","protected":false},"excerpt":{"rendered":"","protected":false},"author":7,"featured_media":6440,"comment_status":"closed","ping_status":"closed","sticky":false,"template":"","format":"standard","meta":{"inline_featured_image":false,"footnotes":""},"categories":[245,203],"tags":[],"class_list":["post-23648","post","type-post","status-publish","format-standard","has-post-thumbnail","hentry","category-general","category-news-fr"],"_links":{"self":[{"href":"https:\/\/wro.swiss\/fr\/wp-json\/wp\/v2\/posts\/23648","targetHints":{"allow":["GET"]}}],"collection":[{"href":"https:\/\/wro.swiss\/fr\/wp-json\/wp\/v2\/posts"}],"about":[{"href":"https:\/\/wro.swiss\/fr\/wp-json\/wp\/v2\/types\/post"}],"author":[{"embeddable":true,"href":"https:\/\/wro.swiss\/fr\/wp-json\/wp\/v2\/users\/7"}],"replies":[{"embeddable":true,"href":"https:\/\/wro.swiss\/fr\/wp-json\/wp\/v2\/comments?post=23648"}],"version-history":[{"count":2,"href":"https:\/\/wro.swiss\/fr\/wp-json\/wp\/v2\/posts\/23648\/revisions"}],"predecessor-version":[{"id":23659,"href":"https:\/\/wro.swiss\/fr\/wp-json\/wp\/v2\/posts\/23648\/revisions\/23659"}],"wp:featuredmedia":[{"embeddable":true,"href":"https:\/\/wro.swiss\/fr\/wp-json\/wp\/v2\/media\/6440"}],"wp:attachment":[{"href":"https:\/\/wro.swiss\/fr\/wp-json\/wp\/v2\/media?parent=23648"}],"wp:term":[{"taxonomy":"category","embeddable":true,"href":"https:\/\/wro.swiss\/fr\/wp-json\/wp\/v2\/categories?post=23648"},{"taxonomy":"post_tag","embeddable":true,"href":"https:\/\/wro.swiss\/fr\/wp-json\/wp\/v2\/tags?post=23648"}],"curies":[{"name":"wp","href":"https:\/\/api.w.org\/{rel}","templated":true}]}}